{"id":4804,"date":"2026-08-31T13:50:41","date_gmt":"2026-08-31T12:50:41","guid":{"rendered":"https:\/\/www.tantefine.de\/blog\/?p=4804"},"modified":"2026-08-31T13:50:43","modified_gmt":"2026-08-31T12:50:43","slug":"porridge-mit-zwetschgen-mohn-cremiges-herbstfruehstueck","status":"publish","type":"post","link":"https:\/\/www.tantefine.de\/blog\/alle-beitraege\/porridge-mit-zwetschgen-mohn-cremiges-herbstfruehstueck\/","title":{"rendered":"Porridge mit Zwetschgen &#038; Mohn \u2013 cremiges Herbstfr\u00fchst\u00fcck"},"content":{"rendered":"\n<p>Wenn drau\u00dfen die Tage k\u00fcrzer werden und die ersten Bl\u00e4tter ihre Farbe wechseln, darf es morgens gerne etwas W\u00e4rmendes sein. Unser Porridge mit Zwetschgen und Mohn ist genau das: cremig, fruchtig, angenehm w\u00fcrzig und dabei wunderbar unkompliziert. <\/p>\n\n\n\n<p>Die Kombination aus warmem Haferporridge, zimtigem Zwetschgenkompott und aromatischem Mohn macht dieses Fr\u00fchst\u00fcck zu einem echten Wohlf\u00fchlmoment. Und das Beste: F\u00fcr zwei Portionen braucht es nur wenige Zutaten und rund 15 Minuten Zeit.<\/p>\n\n\n\n<p>Ob als gem\u00fctliches Fr\u00fchst\u00fcck am Wochenende oder als schnelles veganes Fr\u00fchst\u00fcck f\u00fcr den Alltag, dieses Zwetschgenporridge ist eine k\u00f6stliche M\u00f6glichkeit, den Tag bewusst und genussvoll zu starten.<\/p>\n\n\n\n<!--more-->\n\n\n\n<h2>Warum wir Porridge mit Zwetschgen lieben<\/h2>\n\n\n\n<p>Porridge geh\u00f6rt nicht ohne Grund zu den beliebtesten Fr\u00fchst\u00fccksklassikern. Haferflocken lassen sich wunderbar mit unterschiedlichen Toppings und saisonalen Zutaten kombinieren. Gerade im Sp\u00e4tsommer und Herbst sind Zwetschgen daf\u00fcr perfekt.<\/p>\n\n\n\n<p>Die kleinen Steinfr\u00fcchte bringen eine angenehme S\u00fc\u00dfe und eine leicht s\u00e4uerliche Note mit. Kurz mit Zimt, Vanille und etwas Zitronensaft gekocht, entstehen daraus saftige Zwetschgen, die fast wie ein schnelles Kompott schmecken.<\/p>\n\n\n\n<p>Dazu kommt cremiger Haferporridge mit gemahlenen Mandeln. Getoppt wird das Ganze mit Mohn und  wer mag, ger\u00f6steten Mandelbl\u00e4ttchen. Das Ergebnis? Ein warmes, cremiges und fruchtiges Fr\u00fchst\u00fcck, das nach Herbst schmeckt und trotzdem leicht und unkompliziert bleibt. <\/p>\n\n\n\n<h2>Porridge mit Zwetschgen: Die Zutaten<\/h2>\n\n\n\n<h3>F\u00fcr 2 Portionen Porridge<\/h3>\n\n\n\n<ul><li>100 g Haferflocken<\/li><li>300 ml Haferdrink<\/li><li>100 ml Wasser<\/li><li>1 EL gemahlene Mandeln<\/li><li>1\u20132 TL <a href=\"https:\/\/www.tantefine.de\/gewuerze\/suesse-gewuerze\/vanillezucker.html\" target=\"_blank\" rel=\"noreferrer noopener\">Vanilla Date<\/a><\/li><li>\u00bd TL <a href=\"https:\/\/www.tantefine.de\/gewuerze\/suesse-gewuerze\/zuckerzimt.html\" target=\"_blank\" rel=\"noreferrer noopener\">Kein Zucker Zimt<\/a><\/li><li>1 Prise Salz<\/li><\/ul>\n\n\n\n<figure class=\"wp-block-image size-large\"><a href=\"https:\/\/www.tantefine.de\/gewuerze\/suesse-gewuerze\/zuckerzimt.html\"><img loading=\"lazy\" width=\"1024\" height=\"400\" src=\"https:\/\/www.tantefine.de\/blog\/wp-content\/uploads\/2025\/11\/Kein-ZUCKER-ZIMT-Blog.jpg\" alt=\"\" class=\"wp-image-4352\" srcset=\"https:\/\/www.tantefine.de\/blog\/wp-content\/uploads\/2025\/11\/Kein-ZUCKER-ZIMT-Blog.jpg 1024w, https:\/\/www.tantefine.de\/blog\/wp-content\/uploads\/2025\/11\/Kein-ZUCKER-ZIMT-Blog-300x117.jpg 300w, https:\/\/www.tantefine.de\/blog\/wp-content\/uploads\/2025\/11\/Kein-ZUCKER-ZIMT-Blog-768x300.jpg 768w\" sizes=\"(max-width: 1024px) 100vw, 1024px\" \/><\/a><\/figure>\n\n\n\n<h3>F\u00fcr das Zwetschgenkompott<\/h3>\n\n\n\n<ul><li>200\u2013250 g gefrorene Zwetschgen<\/li><li>1 TL <a href=\"https:\/\/www.tantefine.de\/gewuerze\/suesse-gewuerze\/zuckerzimt.html\" target=\"_blank\" rel=\"noreferrer noopener\">Kein Zucker Zimt<\/a><\/li><li>1 TL <a href=\"https:\/\/www.tantefine.de\/gewuerze\/suesse-gewuerze\/vanillezucker.html\" target=\"_blank\" rel=\"noreferrer noopener\">Vanilla Date<\/a><\/li><li>2 EL Wasser<\/li><li>1 TL Zitronensaft<\/li><\/ul>\n\n\n\n<h3>F\u00fcr das Topping<\/h3>\n\n\n\n<ul><li>1\u20132 EL gemahlener Mohn<\/li><li>etwas <a href=\"https:\/\/www.tantefine.de\/gewuerze\/suesse-gewuerze\/vanillezucker.html\" target=\"_blank\" rel=\"noreferrer noopener\">Vanilla Date<\/a><\/li><li>etwas <a href=\"https:\/\/www.tantefine.de\/gewuerze\/suesse-gewuerze\/zuckerzimt.html\" target=\"_blank\" rel=\"noreferrer noopener\">Kein Zucker Zimt<\/a><\/li><li>optional ger\u00f6stete Mandelbl\u00e4ttchen<\/li><li>optional essbare Bl\u00fcten<\/li><\/ul>\n\n\n\n<figure class=\"wp-block-image size-large\"><a href=\"https:\/\/www.tantefine.de\/gewuerze\/essbare-blueten\/getrocknete-kornblumen.html\"><img loading=\"lazy\" width=\"1024\" height=\"400\" src=\"https:\/\/www.tantefine.de\/blog\/wp-content\/uploads\/2026\/04\/24.jpg\" alt=\"\" class=\"wp-image-4624\" srcset=\"https:\/\/www.tantefine.de\/blog\/wp-content\/uploads\/2026\/04\/24.jpg 1024w, https:\/\/www.tantefine.de\/blog\/wp-content\/uploads\/2026\/04\/24-300x117.jpg 300w, https:\/\/www.tantefine.de\/blog\/wp-content\/uploads\/2026\/04\/24-768x300.jpg 768w\" sizes=\"(max-width: 1024px) 100vw, 1024px\" \/><\/a><\/figure>\n\n\n\n<h2>So einfach gelingt das Zwetschgenporridge<\/h2>\n\n\n\n<p>Das Sch\u00f6ne an diesem Rezept: Porridge und Zwetschgenkompott k\u00f6nnen praktisch gleichzeitig zubereitet werden. W\u00e4hrend die Zwetschgen langsam warm und aromatisch werden, entsteht auf dem Herd der cremige Haferbrei.<\/p>\n\n\n\n<h3>1. Zwetschgenkompott zubereiten<\/h3>\n\n\n\n<p>Die gefrorenen Zwetschgen gemeinsam mit Wasser, Zitronensaft, <a href=\"https:\/\/www.tantefine.de\/gewuerze\/suesse-gewuerze\/vanillezucker.html\" target=\"_blank\" rel=\"noreferrer noopener\">Vanilla Date<\/a> und <a href=\"https:\/\/www.tantefine.de\/gewuerze\/suesse-gewuerze\/zuckerzimt.html\" target=\"_blank\" rel=\"noreferrer noopener\">Kein Zucker Zim<\/a>t in einen kleinen Topf geben.<\/p>\n\n\n\n<p>Alles aufkochen und anschlie\u00dfend bei mittlerer Hitze etwa 8\u201310 Minuten k\u00f6cheln lassen. Zwischendurch vorsichtig umr\u00fchren.<\/p>\n\n\n\n<p>Die Zwetschgen d\u00fcrfen dabei weich werden und etwas Saft abgeben. So entsteht ganz unkompliziert ein fruchtiges Kompott, das sp\u00e4ter \u00fcber den Porridge gegeben wird.<\/p>\n\n\n\n<h3>2. Porridge cremig kochen<\/h3>\n\n\n\n<p>W\u00e4hrend das Zwetschgenkompott k\u00f6chelt, Haferflocken, Haferdrink, Wasser, gemahlene Mandeln und eine Prise Salz in einen zweiten Topf geben. Unter R\u00fchren cremig aufkochen lassen. Sobald der Porridge die gew\u00fcnschte Konsistenz erreicht hat, den Topf vom Herd nehmen. Nun <a href=\"https:\/\/www.tantefine.de\/gewuerze\/suesse-gewuerze\/vanillezucker.html\" target=\"_blank\" rel=\"noreferrer noopener\">Vanilla Date<\/a> und <a href=\"https:\/\/www.tantefine.de\/gewuerze\/suesse-gewuerze\/zuckerzimt.html\" target=\"_blank\" rel=\"noreferrer noopener\">Kein Zucker Zimt<\/a> unterr\u00fchren. Dadurch bekommt der Porridge seine warme, vanillige und leicht zimtige Note.<\/p>\n\n\n\n<h3>3. Anrichten &amp; toppen<\/h3>\n\n\n\n<p>Den warmen Porridge auf zwei Sch\u00fcsseln verteilen und gro\u00dfz\u00fcgig mit dem noch warmen <strong>Zwetschgenkompott<\/strong> toppen. Zum Schluss kommt eine ordentliche Portion gemahlener Mohn dar\u00fcber. Wer m\u00f6chte, erg\u00e4nzt ger\u00f6stete Mandelbl\u00e4ttchen und ein paar essbare Bl\u00fcten. Noch etwas <a href=\"https:\/\/www.tantefine.de\/gewuerze\/suesse-gewuerze\/vanillezucker.html\" target=\"_blank\" rel=\"noreferrer noopener\">Vanilla Date<\/a> und <a href=\"https:\/\/www.tantefine.de\/gewuerze\/suesse-gewuerze\/zuckerzimt.html\" target=\"_blank\" rel=\"noreferrer noopener\">Zimt<\/a> dar\u00fcberstreuen, fertig ist das perfekte Herbstfr\u00fchst\u00fcck. \ud83e\udd0e<\/p>\n\n\n\n<figure class=\"wp-block-image size-large\"><img loading=\"lazy\" width=\"1024\" height=\"576\" src=\"https:\/\/www.tantefine.de\/blog\/wp-content\/uploads\/2026\/08\/Germknoedel-1024x576.jpg\" alt=\"\" class=\"wp-image-4801\" srcset=\"https:\/\/www.tantefine.de\/blog\/wp-content\/uploads\/2026\/08\/Germknoedel-1024x576.jpg 1024w, https:\/\/www.tantefine.de\/blog\/wp-content\/uploads\/2026\/08\/Germknoedel-300x169.jpg 300w, https:\/\/www.tantefine.de\/blog\/wp-content\/uploads\/2026\/08\/Germknoedel-768x432.jpg 768w, https:\/\/www.tantefine.de\/blog\/wp-content\/uploads\/2026\/08\/Germknoedel-1536x864.jpg 1536w, https:\/\/www.tantefine.de\/blog\/wp-content\/uploads\/2026\/08\/Germknoedel-2048x1152.jpg 2048w, https:\/\/www.tantefine.de\/blog\/wp-content\/uploads\/2026\/08\/Germknoedel-1080x608.jpg 1080w\" sizes=\"(max-width: 1024px) 100vw, 1024px\" \/><\/figure>\n\n\n\n<h2>Warum gefrorene Zwetschgen perfekt f\u00fcr dieses Rezept sind<\/h2>\n\n\n\n<p>F\u00fcr unser <strong>Porridge mit Zwetschgen<\/strong> m\u00fcssen es nicht unbedingt frische Fr\u00fcchte sein. Gefrorene Zwetschgen sind eine besonders praktische Alternative, weil sie jederzeit griffbereit sind und direkt im Topf verarbeitet werden k\u00f6nnen.<\/p>\n\n\n\n<p>Das macht dieses Rezept nicht nur in der Zwetschgensaison interessant. Ihr k\u00f6nnt das fruchtige Kompott ganz unkompliziert aus dem Tiefk\u00fchlfach zubereiten, wenn euch spontan nach einem warmen, fruchtigen Fr\u00fchst\u00fcck ist.<\/p>\n\n\n\n<p>Wer frische Zwetschgen zu Hause hat, kann diese nat\u00fcrlich genauso verwenden. Je nach Reifegrad kann die Kochzeit dabei etwas variieren.<\/p>\n\n\n\n<h2>Veganes Porridge f\u00fcr einen bewussten Start in den Tag<\/h2>\n\n\n\n<p>Dieses Rezept kommt komplett ohne tierische Zutaten aus und eignet sich damit wunderbar f\u00fcr eine pflanzliche Ern\u00e4hrung. Haferdrink ersetzt die klassische Milch und harmoniert geschmacklich besonders gut mit Vanille, Zimt und Zwetschgen.<\/p>\n\n\n\n<p>Die Kombination aus Haferflocken, Mandeln, Fr\u00fcchten und Mohn bringt au\u00dferdem unterschiedliche Texturen zusammen: Der Porridge ist cremig, das Zwetschgenkompott weich und fruchtig und der Mohn sorgt f\u00fcr einen kleinen Biss.<\/p>\n\n\n\n<p>So wird aus einem einfachen Haferbrei ein Fr\u00fchst\u00fcck, das nicht nur s\u00e4ttigt, sondern auch richtig nach etwas Besonderem schmeckt.<\/p>\n\n\n\n<h2>Porridge mit Zwetschgen abwandeln<\/h2>\n\n\n\n<p>Das Rezept l\u00e4sst sich ganz einfach an euren Geschmack anpassen.<\/p>\n\n\n\n<p><strong>Noch cremiger:<\/strong> Wer seinen Porridge besonders cremig mag, kann einen Teil des Wassers durch zus\u00e4tzlichen Haferdrink ersetzen.<\/p>\n\n\n\n<p><strong>Mehr Crunch:<\/strong> Ger\u00f6stete Mandelbl\u00e4ttchen, gehackte Mandeln oder N\u00fcsse sorgen f\u00fcr zus\u00e4tzlichen Biss.<\/p>\n\n\n\n<p><strong>Noch fruchtiger:<\/strong> Neben Zwetschgen passen auch Apfelst\u00fccke hervorragend zu Zimt und Vanille.<\/p>\n\n\n\n<p><strong>F\u00fcr Schokoladenfans:<\/strong> Ein wenig <a href=\"https:\/\/www.tantefine.de\/gewuerze\/suesse-gewuerze\/dattel-kakao.html\" target=\"_blank\" rel=\"noreferrer noopener\">Schokopulver<\/a> im Porridge oder ein paar dunkle Schokost\u00fcckchen als Topping machen das Fr\u00fchst\u00fcck noch schokoladiger.<\/p>\n\n\n\n<p><strong>Je nach Saison:<\/strong> Das Zwetschgenkompott l\u00e4sst sich auch durch andere Fr\u00fcchte ersetzen. Besonders lecker sind beispielsweise Beeren oder karamellisierte \u00c4pfel.<\/p>\n\n\n\n<h2>Die wichtigsten Tipps f\u00fcr cremigen Porridge<\/h2>\n\n\n\n<p>Damit der Porridge besonders sch\u00f6n cremig wird, lohnt es sich, ihn beim Kochen regelm\u00e4\u00dfig umzur\u00fchren. So k\u00f6nnen die Haferflocken langsam quellen und verbinden sich mit dem Haferdrink zu einer angenehm s\u00e4migen Konsistenz.<\/p>\n\n\n\n<p>Auch die gemahlenen Mandeln tragen zur Cremigkeit bei und geben dem Porridge gleichzeitig eine feine, nussige Note.<\/p>\n\n\n\n<p>Wichtig ist au\u00dferdem: Der Porridge dickt nach dem Kochen noch etwas nach. Deshalb darf er beim Herunternehmen vom Herd ruhig noch ein wenig cremiger und fl\u00fcssiger sein, als ihr ihn sp\u00e4ter in der Sch\u00fcssel haben m\u00f6chtet.<\/p>\n\n\n\n<h2>Unser Fazit: Ein einfaches Fr\u00fchst\u00fcck mit ganz viel Herbstgef\u00fchl<\/h2>\n\n\n\n<p>Dieses Porridge mit Zwetschgen und Mohn ist der beste Beweis daf\u00fcr, dass ein gutes Fr\u00fchst\u00fcck weder kompliziert noch aufwendig sein muss. Cremiger Haferporridge trifft auf warmes, zimtiges Zwetschgenkompott, dazu kommen Vanille, Mohn und knackige Mandeln. Die Zutaten sind \u00fcberschaubar, die Zubereitung dauert gerade einmal rund 15 Minuten und das Ergebnis f\u00fchlt sich trotzdem wie ein kleines Fr\u00fchst\u00fccksritual an.<\/p>\n\n\n\n<p>Also: L\u00f6ffel bereit und ran an die Zwetschgen!<\/p>\n\n\n\n<p><strong>Speichere dir das Rezept f\u00fcr die n\u00e4chste kalte Morgenstunde. Wir sind uns sicher, dass dieses Zwetschgenporridge schnell zu einem neuen Fr\u00fchst\u00fccksliebling wird.<\/strong><\/p>\n","protected":false},"excerpt":{"rendered":"<p>Wenn drau\u00dfen die Tage k\u00fcrzer werden und die ersten Bl\u00e4tter ihre Farbe wechseln, darf es morgens gerne etwas W\u00e4rmendes sein. Unser Porridge mit Zwetschgen und Mohn ist genau das: cremig, fruchtig, angenehm w\u00fcrzig und dabei wunderbar unkompliziert. Die Kombination aus warmem Haferporridge, zimtigem Zwetschgenkompott und aromatischem Mohn macht dieses Fr\u00fchst\u00fcck zu einem echten Wohlf\u00fchlmoment. Und das Beste: F\u00fcr zwei Portionen braucht es nur wenige Zutaten und rund 15 Minuten Zeit. Ob als gem\u00fctliches Fr\u00fchst\u00fcck am Wochenende oder als schnelles veganes Fr\u00fchst\u00fcck f\u00fcr den Alltag, dieses Zwetschgenporridge ist eine k\u00f6stliche M\u00f6glichkeit, den Tag bewusst und genussvoll zu starten.<\/p>\n","protected":false},"author":7,"featured_media":4802,"comment_status":"open","ping_status":"open","sticky":false,"template":"","format":"standard","meta":[],"categories":[1,11],"tags":[540,545,210,95,97,543,538,544,537,58,94,539,427,546,542,541],"yoast_head":"<!-- This site is optimized with the Yoast SEO plugin v15.9.2 - https:\/\/yoast.com\/wordpress\/plugins\/seo\/ -->\n<title>Porridge mit Zwetschgen &amp; Mohn \u2013 cremiges Herbstfr\u00fchst\u00fcck - Tante Fine<\/title>\n<meta name=\"description\" content=\"Cremiges Porridge mit warmem Zwetschgenkompott, Zimt, Vanille &amp; Mohn \u2013 ein einfaches, veganes Fr\u00fchst\u00fcck, das nach Herbst schmeckt.\" \/>\n<meta name=\"robots\" content=\"index, follow, max-snippet:-1, max-image-preview:large, max-video-preview:-1\" \/>\n<link rel=\"canonical\" href=\"https:\/\/www.tantefine.de\/blog\/alle-beitraege\/porridge-mit-zwetschgen-mohn-cremiges-herbstfruehstueck\/\" \/>\n<meta property=\"og:locale\" content=\"de_DE\" \/>\n<meta property=\"og:type\" content=\"article\" \/>\n<meta property=\"og:title\" content=\"Porridge mit Zwetschgen &amp; Mohn \u2013 cremiges Herbstfr\u00fchst\u00fcck - Tante Fine\" \/>\n<meta property=\"og:description\" content=\"Cremiges Porridge mit warmem Zwetschgenkompott, Zimt, Vanille &amp; Mohn \u2013 ein einfaches, veganes Fr\u00fchst\u00fcck, das nach Herbst schmeckt.\" \/>\n<meta property=\"og:url\" content=\"https:\/\/www.tantefine.de\/blog\/alle-beitraege\/porridge-mit-zwetschgen-mohn-cremiges-herbstfruehstueck\/\" \/>\n<meta property=\"og:site_name\" content=\"Tante Fine\" \/>\n<meta property=\"article:published_time\" content=\"2026-08-31T12:50:41+00:00\" \/>\n<meta property=\"article:modified_time\" content=\"2026-08-31T12:50:43+00:00\" \/>\n<meta property=\"og:image\" content=\"https:\/\/www.tantefine.de\/blog\/wp-content\/uploads\/2026\/08\/Germknoedel-2.jpg\" \/>\n\t<meta property=\"og:image:width\" content=\"2240\" \/>\n\t<meta property=\"og:image:height\" content=\"1260\" \/>\n<meta name=\"twitter:card\" content=\"summary_large_image\" \/>\n<meta name=\"twitter:label1\" content=\"Gesch\u00e4tzte Lesezeit\">\n\t<meta name=\"twitter:data1\" content=\"5\u00a0Minuten\">\n<script type=\"application\/ld+json\" class=\"yoast-schema-graph\">{\"@context\":\"https:\/\/schema.org\",\"@graph\":[{\"@type\":\"WebSite\",\"@id\":\"https:\/\/www.tantefine.de\/blog\/#website\",\"url\":\"https:\/\/www.tantefine.de\/blog\/\",\"name\":\"Tante Fine\",\"description\":\"Blog\",\"potentialAction\":[{\"@type\":\"SearchAction\",\"target\":\"https:\/\/www.tantefine.de\/blog\/?s={search_term_string}\",\"query-input\":\"required name=search_term_string\"}],\"inLanguage\":\"de\"},{\"@type\":\"ImageObject\",\"@id\":\"https:\/\/www.tantefine.de\/blog\/alle-beitraege\/porridge-mit-zwetschgen-mohn-cremiges-herbstfruehstueck\/#primaryimage\",\"inLanguage\":\"de\",\"url\":\"https:\/\/www.tantefine.de\/blog\/wp-content\/uploads\/2026\/08\/Germknoedel-2.jpg\",\"width\":2240,\"height\":1260},{\"@type\":\"WebPage\",\"@id\":\"https:\/\/www.tantefine.de\/blog\/alle-beitraege\/porridge-mit-zwetschgen-mohn-cremiges-herbstfruehstueck\/#webpage\",\"url\":\"https:\/\/www.tantefine.de\/blog\/alle-beitraege\/porridge-mit-zwetschgen-mohn-cremiges-herbstfruehstueck\/\",\"name\":\"Porridge mit Zwetschgen & Mohn \\u2013 cremiges Herbstfr\\u00fchst\\u00fcck - Tante Fine\",\"isPartOf\":{\"@id\":\"https:\/\/www.tantefine.de\/blog\/#website\"},\"primaryImageOfPage\":{\"@id\":\"https:\/\/www.tantefine.de\/blog\/alle-beitraege\/porridge-mit-zwetschgen-mohn-cremiges-herbstfruehstueck\/#primaryimage\"},\"datePublished\":\"2026-08-31T12:50:41+00:00\",\"dateModified\":\"2026-08-31T12:50:43+00:00\",\"author\":{\"@id\":\"https:\/\/www.tantefine.de\/blog\/#\/schema\/person\/6453bcf41b63ae68a39c3df0d7840c9c\"},\"description\":\"Cremiges Porridge mit warmem Zwetschgenkompott, Zimt, Vanille & Mohn \\u2013 ein einfaches, veganes Fr\\u00fchst\\u00fcck, das nach Herbst schmeckt.\",\"breadcrumb\":{\"@id\":\"https:\/\/www.tantefine.de\/blog\/alle-beitraege\/porridge-mit-zwetschgen-mohn-cremiges-herbstfruehstueck\/#breadcrumb\"},\"inLanguage\":\"de\",\"potentialAction\":[{\"@type\":\"ReadAction\",\"target\":[\"https:\/\/www.tantefine.de\/blog\/alle-beitraege\/porridge-mit-zwetschgen-mohn-cremiges-herbstfruehstueck\/\"]}]},{\"@type\":\"BreadcrumbList\",\"@id\":\"https:\/\/www.tantefine.de\/blog\/alle-beitraege\/porridge-mit-zwetschgen-mohn-cremiges-herbstfruehstueck\/#breadcrumb\",\"itemListElement\":[{\"@type\":\"ListItem\",\"position\":1,\"item\":{\"@type\":\"WebPage\",\"@id\":\"https:\/\/www.tantefine.de\/blog\/\",\"url\":\"https:\/\/www.tantefine.de\/blog\/\",\"name\":\"Startseite\"}},{\"@type\":\"ListItem\",\"position\":2,\"item\":{\"@type\":\"WebPage\",\"@id\":\"https:\/\/www.tantefine.de\/blog\/alle-beitraege\/porridge-mit-zwetschgen-mohn-cremiges-herbstfruehstueck\/\",\"url\":\"https:\/\/www.tantefine.de\/blog\/alle-beitraege\/porridge-mit-zwetschgen-mohn-cremiges-herbstfruehstueck\/\",\"name\":\"Porridge mit Zwetschgen &#038; Mohn \\u2013 cremiges Herbstfr\\u00fchst\\u00fcck\"}}]},{\"@type\":\"Person\",\"@id\":\"https:\/\/www.tantefine.de\/blog\/#\/schema\/person\/6453bcf41b63ae68a39c3df0d7840c9c\",\"name\":\"Lea von Tante Fine\",\"image\":{\"@type\":\"ImageObject\",\"@id\":\"https:\/\/www.tantefine.de\/blog\/#personlogo\",\"inLanguage\":\"de\",\"url\":\"https:\/\/secure.gravatar.com\/avatar\/3bfce6e295e35f5f3d8b064e75fcfcb8?s=96&d=mm&r=g\",\"caption\":\"Lea von Tante Fine\"}}]}<\/script>\n<!-- \/ Yoast SEO plugin. -->","_links":{"self":[{"href":"https:\/\/www.tantefine.de\/blog\/wp-json\/wp\/v2\/posts\/4804"}],"collection":[{"href":"https:\/\/www.tantefine.de\/blog\/wp-json\/wp\/v2\/posts"}],"about":[{"href":"https:\/\/www.tantefine.de\/blog\/wp-json\/wp\/v2\/types\/post"}],"author":[{"embeddable":true,"href":"https:\/\/www.tantefine.de\/blog\/wp-json\/wp\/v2\/users\/7"}],"replies":[{"embeddable":true,"href":"https:\/\/www.tantefine.de\/blog\/wp-json\/wp\/v2\/comments?post=4804"}],"version-history":[{"count":1,"href":"https:\/\/www.tantefine.de\/blog\/wp-json\/wp\/v2\/posts\/4804\/revisions"}],"predecessor-version":[{"id":4805,"href":"https:\/\/www.tantefine.de\/blog\/wp-json\/wp\/v2\/posts\/4804\/revisions\/4805"}],"wp:featuredmedia":[{"embeddable":true,"href":"https:\/\/www.tantefine.de\/blog\/wp-json\/wp\/v2\/media\/4802"}],"wp:attachment":[{"href":"https:\/\/www.tantefine.de\/blog\/wp-json\/wp\/v2\/media?parent=4804"}],"wp:term":[{"taxonomy":"category","embeddable":true,"href":"https:\/\/www.tantefine.de\/blog\/wp-json\/wp\/v2\/categories?post=4804"},{"taxonomy":"post_tag","embeddable":true,"href":"https:\/\/www.tantefine.de\/blog\/wp-json\/wp\/v2\/tags?post=4804"}],"curies":[{"name":"wp","href":"https:\/\/api.w.org\/{rel}","templated":true}]}}