{"id":4180,"date":"2025-05-01T09:19:52","date_gmt":"2025-05-01T08:19:52","guid":{"rendered":"https:\/\/www.tantefine.de\/blog\/?p=4180"},"modified":"2025-06-25T09:26:14","modified_gmt":"2025-06-25T08:26:14","slug":"zwischen-kimchi-und-kefir-warum-wir-wieder-lernen-muessen-auf-unseren-koerper-zu-hoeren","status":"publish","type":"post","link":"https:\/\/www.tantefine.de\/blog\/alle-beitraege\/zwischen-kimchi-und-kefir-warum-wir-wieder-lernen-muessen-auf-unseren-koerper-zu-hoeren\/","title":{"rendered":"Zwischen Kimchi und Kefir \u2013 warum wir wieder lernen m\u00fcssen, auf unseren K\u00f6rper zu h\u00f6ren"},"content":{"rendered":"\n<p><strong>Kolumne:<\/strong> von Pilar Hammerl<\/p>\n\n\n\n<p>Es gab eine Zeit, da war Ern\u00e4hrung einfach: Man hatte Hunger, man hat gegessen. Heute scrollt man durch Instagram und fragt sich, ob man \u00fcberhaupt noch irgendwas essen darf.<\/p>\n\n\n\n<!--more-->\n\n\n\n<p>Erst war es der Glukosetrend. Der Blutzuckerspiegel wurde behandelt wie der Aktienkurs \u2013 st\u00e4ndig in der \u00dcberwachung, blo\u00df keine Kurve nach oben. Hafermilch im Cappuccino? Ein kapitaler Fehler. Obst am Morgen? Fast schon Rebellion.<\/p>\n\n\n\n<p>Dann kam der Protein-Hype. Pl\u00f6tzlich galt: Je mehr Gramm auf der Packung, desto ges\u00fcnder. Schade nur, dass die Zutatenlisten vieler Proteinriegel und -shakes mehr an ein Chemielabor erinnern als an etwas, das ich guten Gewissens in meinen K\u00f6rper lassen m\u00f6chte. K\u00fcnstliche Aromen, S\u00fc\u00dfstoffe, Emulgatoren \u2013 alles f\u00fcr die Proteinzahl. <\/p>\n\n\n\n<p>Und jetzt? Jetzt sind wir pl\u00f6tzlich alle \u201edarmfreundlich\u201c unterwegs. Oder besser gesagt: Wir sollen es sein.<br>Was genau das bedeutet, bleibt aber offen. Es wird selten definiert. Stattdessen wird flei\u00dfig gepostet, empfohlen, konsumiert. Profitieren tun vor allem Produkte wie Kimchi und Kefir \u2013 Mikroben zum Mitnehmen, h\u00fcbsch verpackt im Superfood-Gewand.<\/p>\n\n\n\n<p>Nat\u00fcrlich kann Kimchi das Mikrobiom st\u00e4rken. Aber bei Histaminintoleranz kann es auch zu Beschwerden f\u00fchren.<br>Nat\u00fcrlich enth\u00e4lt Kefir Probiotika. Aber er basiert auf Kuhmilch \u2013 und das ist f\u00fcr viele Menschen nicht nur moralisch, sondern auch gesundheitlich problematisch: Milchprodukte k\u00f6nnen die Verdauung belasten und entz\u00fcndungsf\u00f6rdernd wirken. Das ist keine Verteufelung, sondern eine Einladung zur Differenzierung. <\/p>\n\n\n\n<p>Darmfreundlich ist n\u00e4mlich nichts, was sich auf ein Etikett drucken l\u00e4sst. Darmfreundlich bedeutet: auf die pers\u00f6nlichen Bed\u00fcrfnisse deines K\u00f6rpers zu achten. Vielleicht brauchst du heute pr\u00e4biotische Ballaststoffe, vielleicht morgen Ruhe, vielleicht \u00fcbermorgen ein bisschen weniger Kaffee und ein bisschen mehr Schlaf. Und vielleicht \u2013 auch das \u2013 einfach mal einen Hafermilch-Cappuccino. Ohne schlechtes Gewissen.<\/p>\n\n\n\n<p>Ich bin Ern\u00e4hrungsberaterin f\u00fcr vegane Kost und Gesch\u00e4ftsf\u00fchrerin von <strong>Tante Fine<\/strong>, einer Gew\u00fcrzmanufaktur, die achtsam mit Ressourcen umgeht und sich f\u00fcr ganzheitliche Gesundheit einsetzt. Ich besch\u00e4ftige mich seit vielen Jahren \u2013 beruflich wie privat \u2013 mit gesunder Ern\u00e4hrung. Und trotzdem: Selbst ich ertappe mich immer wieder dabei, wie mich diese Trends stressen. Wie ich mich frage, ob ich genug tue. Ob ich \u201egesund genug\u201c esse. Ob ich vielleicht doch den Darm vernachl\u00e4ssige. Und das, obwohl ich es eigentlich besser wei\u00df. Denn gesunde Ern\u00e4hrung ist f\u00fcr mich kein Filtereffekt, kein \u201eHack\u201c, kein Supermarktstunt. Gesunde Ern\u00e4hrung beginnt mit einer Frage: <em>Was tut mir heute gut?<\/em><\/p>\n\n\n\n<p>Denn gesunde Ern\u00e4hrung sollte nicht unter Druck setzen. Sie ist keine Disziplin, sondern ein Dialog mit dem eigenen K\u00f6rper. Ein individueller Prozess, der t\u00e4glich neu verhandelt wird zwischen K\u00f6rper, Seele, Alltag und Appetit.<\/p>\n\n\n\n<p>Wir m\u00fcssen wieder lernen, auf uns selbst zu h\u00f6ren. Nicht auf den Algorithmus. Nicht auf den neuesten Ern\u00e4hrungshype.<br>Ich finde: Weniger Selbstoptimierung, mehr Selbstf\u00fcrsorge. Weniger Scrollen, mehr Sp\u00fcren.<\/p>\n\n\n\n<p>Denn der kl\u00fcgste Trend von allen ist keiner, den man posten kann:<br><em>Es ist der, bei dem du dir selbst wieder zuh\u00f6rst.<\/em><\/p>\n","protected":false},"excerpt":{"rendered":"<p>Kolumne: von Pilar Hammerl Es gab eine Zeit, da war Ern\u00e4hrung einfach: Man hatte Hunger, man hat gegessen. Heute scrollt man durch Instagram und fragt sich, ob man \u00fcberhaupt noch irgendwas essen darf.<\/p>\n","protected":false},"author":2,"featured_media":4182,"comment_status":"closed","ping_status":"open","sticky":false,"template":"","format":"standard","meta":[],"categories":[1,8],"tags":[],"yoast_head":"<!-- This site is optimized with the Yoast SEO plugin v15.9.2 - https:\/\/yoast.com\/wordpress\/plugins\/seo\/ -->\n<title>Zwischen Kimchi und Kefir \u2013 warum wir wieder lernen m\u00fcssen, auf unseren K\u00f6rper zu h\u00f6ren - Tante Fine<\/title>\n<meta name=\"description\" content=\"Warum wir eher auf unseren K\u00f6rper, anstatt auf Social-Media-Ern\u00e4hrungstrends h\u00f6ren sollten.\" \/>\n<meta name=\"robots\" content=\"index, follow, max-snippet:-1, max-image-preview:large, max-video-preview:-1\" \/>\n<link rel=\"canonical\" href=\"https:\/\/www.tantefine.de\/blog\/alle-beitraege\/zwischen-kimchi-und-kefir-warum-wir-wieder-lernen-muessen-auf-unseren-koerper-zu-hoeren\/\" \/>\n<meta property=\"og:locale\" content=\"de_DE\" \/>\n<meta property=\"og:type\" content=\"article\" \/>\n<meta property=\"og:title\" content=\"Zwischen Kimchi und Kefir \u2013 warum wir wieder lernen m\u00fcssen, auf unseren K\u00f6rper zu h\u00f6ren - Tante Fine\" \/>\n<meta property=\"og:description\" content=\"Warum wir eher auf unseren K\u00f6rper, anstatt auf Social-Media-Ern\u00e4hrungstrends h\u00f6ren sollten.\" \/>\n<meta property=\"og:url\" content=\"https:\/\/www.tantefine.de\/blog\/alle-beitraege\/zwischen-kimchi-und-kefir-warum-wir-wieder-lernen-muessen-auf-unseren-koerper-zu-hoeren\/\" \/>\n<meta property=\"og:site_name\" content=\"Tante Fine\" \/>\n<meta property=\"article:published_time\" content=\"2025-05-01T08:19:52+00:00\" \/>\n<meta property=\"article:modified_time\" content=\"2025-06-25T08:26:14+00:00\" \/>\n<meta property=\"og:image\" content=\"https:\/\/www.tantefine.de\/blog\/wp-content\/uploads\/2025\/05\/Website-Header.png\" \/>\n\t<meta property=\"og:image:width\" content=\"1040\" \/>\n\t<meta property=\"og:image:height\" content=\"472\" \/>\n<meta name=\"twitter:card\" content=\"summary_large_image\" \/>\n<meta name=\"twitter:label1\" content=\"Gesch\u00e4tzte Lesezeit\">\n\t<meta name=\"twitter:data1\" content=\"2\u00a0Minuten\">\n<script type=\"application\/ld+json\" class=\"yoast-schema-graph\">{\"@context\":\"https:\/\/schema.org\",\"@graph\":[{\"@type\":\"WebSite\",\"@id\":\"https:\/\/www.tantefine.de\/blog\/#website\",\"url\":\"https:\/\/www.tantefine.de\/blog\/\",\"name\":\"Tante Fine\",\"description\":\"Blog\",\"potentialAction\":[{\"@type\":\"SearchAction\",\"target\":\"https:\/\/www.tantefine.de\/blog\/?s={search_term_string}\",\"query-input\":\"required name=search_term_string\"}],\"inLanguage\":\"de\"},{\"@type\":\"ImageObject\",\"@id\":\"https:\/\/www.tantefine.de\/blog\/alle-beitraege\/zwischen-kimchi-und-kefir-warum-wir-wieder-lernen-muessen-auf-unseren-koerper-zu-hoeren\/#primaryimage\",\"inLanguage\":\"de\",\"url\":\"https:\/\/www.tantefine.de\/blog\/wp-content\/uploads\/2025\/05\/Website-Header.png\",\"width\":1040,\"height\":472},{\"@type\":\"WebPage\",\"@id\":\"https:\/\/www.tantefine.de\/blog\/alle-beitraege\/zwischen-kimchi-und-kefir-warum-wir-wieder-lernen-muessen-auf-unseren-koerper-zu-hoeren\/#webpage\",\"url\":\"https:\/\/www.tantefine.de\/blog\/alle-beitraege\/zwischen-kimchi-und-kefir-warum-wir-wieder-lernen-muessen-auf-unseren-koerper-zu-hoeren\/\",\"name\":\"Zwischen Kimchi und Kefir \\u2013 warum wir wieder lernen m\\u00fcssen, auf unseren K\\u00f6rper zu h\\u00f6ren - Tante Fine\",\"isPartOf\":{\"@id\":\"https:\/\/www.tantefine.de\/blog\/#website\"},\"primaryImageOfPage\":{\"@id\":\"https:\/\/www.tantefine.de\/blog\/alle-beitraege\/zwischen-kimchi-und-kefir-warum-wir-wieder-lernen-muessen-auf-unseren-koerper-zu-hoeren\/#primaryimage\"},\"datePublished\":\"2025-05-01T08:19:52+00:00\",\"dateModified\":\"2025-06-25T08:26:14+00:00\",\"author\":{\"@id\":\"https:\/\/www.tantefine.de\/blog\/#\/schema\/person\/f72d48b39d40853e57a2b3583ccce332\"},\"description\":\"Warum wir eher auf unseren K\\u00f6rper, anstatt auf Social-Media-Ern\\u00e4hrungstrends h\\u00f6ren sollten.\",\"breadcrumb\":{\"@id\":\"https:\/\/www.tantefine.de\/blog\/alle-beitraege\/zwischen-kimchi-und-kefir-warum-wir-wieder-lernen-muessen-auf-unseren-koerper-zu-hoeren\/#breadcrumb\"},\"inLanguage\":\"de\",\"potentialAction\":[{\"@type\":\"ReadAction\",\"target\":[\"https:\/\/www.tantefine.de\/blog\/alle-beitraege\/zwischen-kimchi-und-kefir-warum-wir-wieder-lernen-muessen-auf-unseren-koerper-zu-hoeren\/\"]}]},{\"@type\":\"BreadcrumbList\",\"@id\":\"https:\/\/www.tantefine.de\/blog\/alle-beitraege\/zwischen-kimchi-und-kefir-warum-wir-wieder-lernen-muessen-auf-unseren-koerper-zu-hoeren\/#breadcrumb\",\"itemListElement\":[{\"@type\":\"ListItem\",\"position\":1,\"item\":{\"@type\":\"WebPage\",\"@id\":\"https:\/\/www.tantefine.de\/blog\/\",\"url\":\"https:\/\/www.tantefine.de\/blog\/\",\"name\":\"Startseite\"}},{\"@type\":\"ListItem\",\"position\":2,\"item\":{\"@type\":\"WebPage\",\"@id\":\"https:\/\/www.tantefine.de\/blog\/alle-beitraege\/zwischen-kimchi-und-kefir-warum-wir-wieder-lernen-muessen-auf-unseren-koerper-zu-hoeren\/\",\"url\":\"https:\/\/www.tantefine.de\/blog\/alle-beitraege\/zwischen-kimchi-und-kefir-warum-wir-wieder-lernen-muessen-auf-unseren-koerper-zu-hoeren\/\",\"name\":\"Zwischen Kimchi und Kefir \\u2013 warum wir wieder lernen m\\u00fcssen, auf unseren K\\u00f6rper zu h\\u00f6ren\"}}]},{\"@type\":\"Person\",\"@id\":\"https:\/\/www.tantefine.de\/blog\/#\/schema\/person\/f72d48b39d40853e57a2b3583ccce332\",\"name\":\"Pilar von Tante Fine\",\"image\":{\"@type\":\"ImageObject\",\"@id\":\"https:\/\/www.tantefine.de\/blog\/#personlogo\",\"inLanguage\":\"de\",\"url\":\"https:\/\/secure.gravatar.com\/avatar\/b5b3c1ee3dc3e4891638dd62ff6626df?s=96&d=mm&r=g\",\"caption\":\"Pilar von Tante Fine\"}}]}<\/script>\n<!-- \/ Yoast SEO plugin. -->","_links":{"self":[{"href":"https:\/\/www.tantefine.de\/blog\/wp-json\/wp\/v2\/posts\/4180"}],"collection":[{"href":"https:\/\/www.tantefine.de\/blog\/wp-json\/wp\/v2\/posts"}],"about":[{"href":"https:\/\/www.tantefine.de\/blog\/wp-json\/wp\/v2\/types\/post"}],"author":[{"embeddable":true,"href":"https:\/\/www.tantefine.de\/blog\/wp-json\/wp\/v2\/users\/2"}],"replies":[{"embeddable":true,"href":"https:\/\/www.tantefine.de\/blog\/wp-json\/wp\/v2\/comments?post=4180"}],"version-history":[{"count":4,"href":"https:\/\/www.tantefine.de\/blog\/wp-json\/wp\/v2\/posts\/4180\/revisions"}],"predecessor-version":[{"id":4185,"href":"https:\/\/www.tantefine.de\/blog\/wp-json\/wp\/v2\/posts\/4180\/revisions\/4185"}],"wp:featuredmedia":[{"embeddable":true,"href":"https:\/\/www.tantefine.de\/blog\/wp-json\/wp\/v2\/media\/4182"}],"wp:attachment":[{"href":"https:\/\/www.tantefine.de\/blog\/wp-json\/wp\/v2\/media?parent=4180"}],"wp:term":[{"taxonomy":"category","embeddable":true,"href":"https:\/\/www.tantefine.de\/blog\/wp-json\/wp\/v2\/categories?post=4180"},{"taxonomy":"post_tag","embeddable":true,"href":"https:\/\/www.tantefine.de\/blog\/wp-json\/wp\/v2\/tags?post=4180"}],"curies":[{"name":"wp","href":"https:\/\/api.w.org\/{rel}","templated":true}]}}