{"id":1300,"date":"2021-01-25T07:00:00","date_gmt":"2021-01-25T06:00:00","guid":{"rendered":"https:\/\/www.tantefine.de\/blog\/?p=1300"},"modified":"2021-04-26T11:57:35","modified_gmt":"2021-04-26T10:57:35","slug":"die-groesste-huerde-beim-gruenden-ist-wohl-den-richtigen-weg-fuer-sich-selbst-einzuschlagen-und-einfach-seine-eigene-geschichte-zu-erzaehlen","status":"publish","type":"post","link":"https:\/\/www.tantefine.de\/blog\/magazin\/die-groesste-huerde-beim-gruenden-ist-wohl-den-richtigen-weg-fuer-sich-selbst-einzuschlagen-und-einfach-seine-eigene-geschichte-zu-erzaehlen\/","title":{"rendered":"\u201eDie gr\u00f6\u00dfte H\u00fcrde beim Gr\u00fcnden ist wohl, den richtigen Weg f\u00fcr sich selbst einzuschlagen.&#8220;"},"content":{"rendered":"\n<p>Interview mit <strong>Sabine von MARI&amp;ANNE<\/strong><\/p>\n\n\n\n<p><em>Was sich hinter Naturkosmetik mit den Namen MORGENMUFFEL, KUSSECHT und SAHNESCHNITTE verbirgt? Ein festes Deo, ein Lippenbalsam und eine Sheabutter \u2013 hergestellt zu 100 % aus nat\u00fcrlichen Zutaten. Die Rezepturen f\u00fcr die Hautpflegeprodukte stammen von Marianne Lewandowski. Zusammen mit ihrer Tochter Sabine hat sie die Naturkosmetikmarke MARI&amp;ANNE gegr\u00fcndet. Gemeinsam mit ihrem Team m\u00f6chten die beiden viel bewegen: ein Umdenken in der Kosmetik, aber auch in der Arbeitswelt. Deshalb arbeiten sie mit Werkst\u00e4tten der Lebenshilfe-Vereine zusammen. Die Menschen mit Behinderung dort unterst\u00fctzen unter anderem beim Produzieren und Verpacken der Naturkosmetik.<\/em><\/p>\n\n\n\n<!--more-->\n\n\n\n<p><strong>Liebe Sabine, wie kam Deine Mutter dazu, Salben und Seifen auf Naturbasis herzustellen? Und wie entstand die Idee, daraus ein Business zu machen?<\/strong><\/p>\n\n\n\n<p>Marianne hat vor circa 13 Jahren angefangen, sich mit Naturkosmetik zu besch\u00e4ftigen. Bei mir wurde damals eine periorale Dermatitis festgestellt. Die Hauterkrankung \u2013 bei mir im Gesicht \u2013 entsteht unter anderem durch das \u00dcberpflegen der Haut. Vor 13 Jahren habe ich mich gar nicht mit den Inhalten von Kosmetika auseinandergesetzt. Meine Mutter, eine gelernte Krankenschwester, daf\u00fcr umso mehr. So hat sie in ihrer Seifenk\u00fcche eigene Produkte entwickelt und erste Salben und Seifen hergestellt. Mit ihren Pflegeprodukten war Marianne immer wieder auf kleinen M\u00e4rkten in und um Franken unterwegs. Durch die Hautprobleme der Menschen, die sie dort getroffen hat, konnte sie immer mehr lernen und ihre Rezepturen weiterentwickeln.<\/p>\n\n\n\n<p>Die Idee zu einem professionellen Business entstand dann abends bei einem Glas Wein an unserem K\u00fcchentisch. Ich war zu der Zeit noch mit meinem Designstudium in Bremen besch\u00e4ftigt. Gemeinsam mit einer Freundin hatten wir beschlossen, mit neuem Konzept und Design Mariannes Naturkosmetik \u00fcber Frankens M\u00e4rkte hinaus anzubieten.<\/p>\n\n\n\n<figure class=\"wp-block-image size-large\"><img loading=\"lazy\" width=\"940\" height=\"788\" src=\"https:\/\/www.tantefine.de\/blog\/wp-content\/uploads\/2021\/01\/1.jpg\" alt=\"\" class=\"wp-image-1302\" srcset=\"https:\/\/www.tantefine.de\/blog\/wp-content\/uploads\/2021\/01\/1.jpg 940w, https:\/\/www.tantefine.de\/blog\/wp-content\/uploads\/2021\/01\/1-300x251.jpg 300w, https:\/\/www.tantefine.de\/blog\/wp-content\/uploads\/2021\/01\/1-768x644.jpg 768w\" sizes=\"(max-width: 940px) 100vw, 940px\" \/><figcaption><br>Sabine und Marianne haben die Naturkosmetikmarke MARI&amp;ANNE gegr\u00fcndet. Marina ist die Schnittstelle zu den Mainfr\u00e4nkischen Werkst\u00e4tten in Kitzingen, wo ein Teil der Produkte hergestellt und verpackt werden (v. l. n. r.).<\/figcaption><\/figure>\n\n\n\n<p><strong>Anfangseuphorie auf der einen, Zweifel auf der anderen Seite. Viele Gr\u00fcnder qu\u00e4lt ab und an die Unsicherheit. Wird mein Produkt auf dem Markt bestehen? Gibt\u2019s nicht schon zu viele Anbieter? \u2026 Auch die Naturkosmetikregale in den Drogerien sind schon gut gef\u00fcllt. Warum habt Ihr Euch trotzdem auf den Markt getraut?<\/strong><\/p>\n\n\n\n<p>Ja, das stimmt. Es gibt mittlerweile sehr viel auf dem Markt und gerade im letzten Dreivierteljahr machen sich auch die gro\u00dfen Firmen mit nachhaltigen Produkten wie festen Deos oder Shampoos bemerkbar. Es findet ein Umdenken statt \u2026 Wir hatten da nat\u00fcrlich auch immer wieder Zweifel. Das ist v\u00f6llig normal und gesund, denke ich. Aber wir haben uns damals getraut und im Machen schon in den ersten Monaten festgestellt, dass wir ein Nischenprodukt sind.<\/p>\n\n\n\n<p>Wir haben MARI&amp;ANNE vor allem auf folgende Werte aufgebaut: Nat\u00fcrliche Rohstoffe ohne Konservierungsmittel und die Nutzung von Traubenkern\u00f6l aus Franken. Produkte, die unisex sind. Und vor allem auf den Aufbau der Zusammenarbeit mit den Werkst\u00e4tten der Lebenshilfe. Uns war von Anfang an wichtig, unterschiedliche Werkst\u00e4tten mit einzubinden und gemeinsam mit ihnen neue Wege zu gehen. Mittlerweile arbeiten wir mit drei unterschiedlichen Werkst\u00e4tten in Mainfranken zusammen. Das Herz ist definitiv unsere Produktion, die Marianne seit M\u00e4rz direkt in die Werkst\u00e4tten verlegt hat und vor Ort ehrenamtlich leitet. Dort produzieren wir alle unsere Rezepturen selbst \u2013 in Handarbeit.<\/p>\n\n\n\n<p><strong>Am Anfang eines Start-ups steht also eine gute Idee. Ein besonderes Produkt wie bei Euch, oder ein einzigartiger Service \u2026 Was braucht es noch, um ein Start-up an den Start zu bringen?<\/strong><\/p>\n\n\n\n<p>Viele Start-ups glauben, sie haben es in Gro\u00dfst\u00e4dten wie Hamburg, M\u00fcnchen oder Berlin leichter. R\u00fcckblickend w\u00fcrde ich sagen f\u00fcr uns war und ist der Standort unwesentlich. Wir haben ihn einfach dort angesetzt wo Marianne zu Hause ist. Mir war es wichtig, ein Label zu gr\u00fcnden, das bodenst\u00e4ndig ist, seinen Wurzeln treu bleibt und trotzdem in den Gro\u00dfst\u00e4dten zu finden ist.<\/p>\n\n\n\n<p>Kapital ist zum Start nat\u00fcrlich auch ein gro\u00dfes Thema. Marianne und ich haben eigenes Geld investiert. Wir zahlen uns kaum Gehalt und machen von A bis Z alles selbst. In Teilen bekommen wir ehrenamtliche Unterst\u00fctzung von tollen Menschen, die uns von Anfang an zur Seite stehen. Die ganze Familie packt mit an, damit wir langfristig etwas aufbauen k\u00f6nnen.<\/p>\n\n\n\n<p><strong>Was waren die gr\u00f6\u00dften H\u00fcrden, die Ihr \u00fcberspringen musstet, um durchstarten zu k\u00f6nnen?<\/strong><\/p>\n\n\n\n<p>H\u00fcrden gibt es immer wieder. Die Gesetze und Bestimmungen in Deutschland machen es einem in vielen grundlegenden Dingen nicht leicht. Wir haben das erste Mal gegr\u00fcndet und vieles erst beim Machen gelernt. Das beginnt mit Vertr\u00e4gen, B\u00fcrokratie und passenden Lieferanten und h\u00f6rt mit Themen wie Onlineshop, Marketing und Budgets noch lange nicht auf.<\/p>\n\n\n\n<p>Mit die gr\u00f6\u00dfte H\u00fcrde war wohl, den richtigen Weg f\u00fcr uns einzuschlagen, uns treu zu bleiben und einfach unsere Geschichte zu erz\u00e4hlen. Wir mussten uns selbst erst einmal in der neuen Rolle finden und lernen, einfach das, was uns ausmacht, auch nach au\u00dfen zu kommunizieren.<\/p>\n\n\n\n<p><strong>Wie habt ihr es geschafft, MARI&amp;ANNE bekannt zu machen und Eure Produkte zu verkaufen?<\/strong><\/p>\n\n\n\n<p>Gef\u00fchlt stehen wir noch am Anfang und empfinden uns noch gar nicht als so bekannt. Wir haben mit unserem Onlineshop und mit Social Media begonnen und freuen uns immer wieder, wenn uns neue Menschen entdecken und zum Beispiel unserem Account auf Instagram folgen. Am Anfang habe ich sehr viel Zeit in Instagram investiert und damit unseren Weg gefunden, unsere Geschichte zu kommunizieren. Wir sind weiter dabei, ein Netzwerk von wunderbaren Menschen aufzubauen, die unsere Geschichte und Produkte weitertragen und uns dabei unterst\u00fctzen bekannter zu werden.<\/p>\n\n\n\n<p><strong>Habt Ihr \u2013 r\u00fcckblickend gesehen \u2013 Fehler gemacht, aus denen Ihr gelernt habt und die andere Start-up-Gr\u00fcnder unbedingt vermeiden sollten?<\/strong><\/p>\n\n\n\n<p>Fehler sind hart, weil sie Energie und manchmal auch Geld kosten. Aber Marianne und ich haben dadurch einiges gelernt. Ich denke, jedes Start-up hat seine ganz eigene Geschichte und sollte Fehler machen, um weiter zu kommen. Es gibt keinen Masterplan beim Gr\u00fcnden. Ich kann anderen Gr\u00fcndern empfehlen, sich ordentlich mit Vertr\u00e4gen und den Menschen, mit denen man startet, auseinander zu setzen. Wer als Team startet, sollte zum Beispiel pr\u00fcfen, ob alle die gleichen Werte und Ziele verfolgen. Man sollte sich Fehler erlauben, aber auch lernen, offen dar\u00fcber zu sprechen und sich gegebenenfalls Hilfe von au\u00dfen holen.<\/p>\n\n\n\n<p><strong>Wie viel bedeutet es Dir, Dein eigener Chef zu sein? K\u00f6nntest Du Dir auch etwas anderes vorstellen?<\/strong><\/p>\n\n\n\n<p>Ich war mit Ausbildung und sp\u00e4teren Jobs \u00fcber zw\u00f6lf Jahre immer wieder in einem Angestelltenverh\u00e4ltnis. Angestellt zu sein suggeriert erst einmal Sicherheit und ist nat\u00fcrlich von Vorteil, weil man ein regelm\u00e4\u00dfiges Einkommen erh\u00e4lt. W\u00e4hrend meines Studiums und danach hatte ich immer wieder freie Jobs als Fotografin bzw. Grafikdesignerin und habe so mit der Zeit gelernt, selbstst\u00e4ndig zu arbeiten und selbstbestimmtes Geld zu verdienen. Bei MARI&amp;ANNE f\u00fchle ich mich nicht als Chefin. Nat\u00fcrlich bin ich es auf dem Blatt. Im gro\u00dfen Ganzen sehe ich mich aber als Teil eines tollen Teams, das nur gemeinsam etwas voranbringen kann.<\/p>\n\n\n\n<p>Ob ich mir etwas anderes vorstellen k\u00f6nnte? MARI&amp;ANNE fordert mich aktuell noch auf allen Ebenen. Dadurch dass wir alles selbst finanzieren, bin ich auch noch in alle Bereiche involviert. Von Office \u00fcber Produktion, Shop bis hin zum Marketing. Mein Wunsch ist es, MARI&amp;ANNE aufzubauen und nach und nach, soweit es finanziell m\u00f6glich ist, anderen Menschen die M\u00f6glichkeit zu geben, ihren Platz bei uns zu finden. Langfristig m\u00f6chte ich wieder Storytelling und Markenaufbau arbeiten, am liebsten durch meine Fotografie, die aktuell leider etwas zu kurz kommt.<\/p>\n\n\n\n<figure class=\"wp-block-image size-large\"><img src=\"https:\/\/www.tantefine.de\/blog\/wp-content\/uploads\/2021\/01\/2.jpg\" alt=\"\" class=\"wp-image-1303\"\/><figcaption><br>Die Produkte von MARI&amp;ANNE enthalten keinerlei Konservierungsmittel, sind frei von Mikroplastik, Parabenen, Silikonen und k\u00fcnstlichen Zus\u00e4tzen und entstehen ohne Tierversuche.<\/figcaption><\/figure>\n\n\n\n<h2>Du m\u00f6chtest unser Magazin abonnieren? <\/h2>\n\n\n\n<p><strong>Ab sofort schicken wir Dir das Magazin f\u00fcr den Versandkostenbetrag von 10\u20ac f\u00fcr  vier Ausgaben auch nach Hause. Sende uns daf\u00fcr einfach eine E-Mail an: <a href=\"mailto:b.balling@tantefine.de\">b.balling@tantefine.de<\/a> <\/strong><\/p>\n\n\n\n<h2>Auslagestellen <\/h2>\n\n\n\n<p>Tante Fine \u2013 bewusst gut leben \u2013 erscheint in einer Auflage von 8.500  Exemplaren und liegt an \u00fcber 200 Auslagestellen in ganz Deutschland  aus. <a rel=\"noreferrer noopener\" href=\"https:\/\/www.tantefine.de\/blog\/wp-content\/uploads\/2020\/01\/TF_Post_Auslagestellen_Magazin_122019_Ansicht.pdf\" target=\"_blank\">Hier<\/a> findest Du die Adressen. <\/p>\n","protected":false},"excerpt":{"rendered":"<p>Interview mit Sabine von MARI&amp;ANNE Was sich hinter Naturkosmetik mit den Namen MORGENMUFFEL, KUSSECHT und SAHNESCHNITTE verbirgt? Ein festes Deo, ein Lippenbalsam und eine Sheabutter \u2013 hergestellt zu 100 % aus nat\u00fcrlichen Zutaten. Die Rezepturen f\u00fcr die Hautpflegeprodukte stammen von Marianne Lewandowski. Zusammen mit ihrer Tochter Sabine hat sie die Naturkosmetikmarke MARI&amp;ANNE gegr\u00fcndet. Gemeinsam mit ihrem Team m\u00f6chten die beiden viel bewegen: ein Umdenken in der Kosmetik, aber auch in der Arbeitswelt. Deshalb arbeiten sie mit Werkst\u00e4tten der Lebenshilfe-Vereine zusammen. Die Menschen mit Behinderung dort unterst\u00fctzen unter anderem beim Produzieren und Verpacken der Naturkosmetik.<\/p>\n","protected":false},"author":2,"featured_media":0,"comment_status":"open","ping_status":"open","sticky":false,"template":"","format":"standard","meta":[],"categories":[10],"tags":[],"yoast_head":"<!-- This site is optimized with the Yoast SEO plugin v15.9.2 - https:\/\/yoast.com\/wordpress\/plugins\/seo\/ -->\n<title>\u201eDie gr\u00f6\u00dfte H\u00fcrde beim Gr\u00fcnden ist wohl, den richtigen Weg f\u00fcr sich selbst einzuschlagen.&quot; - Tante Fine<\/title>\n<meta name=\"robots\" content=\"index, follow, max-snippet:-1, max-image-preview:large, max-video-preview:-1\" \/>\n<link rel=\"canonical\" href=\"https:\/\/www.tantefine.de\/blog\/magazin\/die-groesste-huerde-beim-gruenden-ist-wohl-den-richtigen-weg-fuer-sich-selbst-einzuschlagen-und-einfach-seine-eigene-geschichte-zu-erzaehlen\/\" \/>\n<meta property=\"og:locale\" content=\"de_DE\" \/>\n<meta property=\"og:type\" content=\"article\" \/>\n<meta property=\"og:title\" content=\"\u201eDie gr\u00f6\u00dfte H\u00fcrde beim Gr\u00fcnden ist wohl, den richtigen Weg f\u00fcr sich selbst einzuschlagen.&quot; - Tante Fine\" \/>\n<meta property=\"og:description\" content=\"Interview mit Sabine von MARI&amp;ANNE Was sich hinter Naturkosmetik mit den Namen MORGENMUFFEL, KUSSECHT und SAHNESCHNITTE verbirgt? Ein festes Deo, ein Lippenbalsam und eine Sheabutter \u2013 hergestellt zu 100 % aus nat\u00fcrlichen Zutaten. Die Rezepturen f\u00fcr die Hautpflegeprodukte stammen von Marianne Lewandowski. Zusammen mit ihrer Tochter Sabine hat sie die Naturkosmetikmarke MARI&amp;ANNE gegr\u00fcndet. Gemeinsam mit ihrem Team m\u00f6chten die beiden viel bewegen: ein Umdenken in der Kosmetik, aber auch in der Arbeitswelt. Deshalb arbeiten sie mit Werkst\u00e4tten der Lebenshilfe-Vereine zusammen. Die Menschen mit Behinderung dort unterst\u00fctzen unter anderem beim Produzieren und Verpacken der Naturkosmetik.\" \/>\n<meta property=\"og:url\" content=\"https:\/\/www.tantefine.de\/blog\/magazin\/die-groesste-huerde-beim-gruenden-ist-wohl-den-richtigen-weg-fuer-sich-selbst-einzuschlagen-und-einfach-seine-eigene-geschichte-zu-erzaehlen\/\" \/>\n<meta property=\"og:site_name\" content=\"Tante Fine\" \/>\n<meta property=\"article:published_time\" content=\"2021-01-25T06:00:00+00:00\" \/>\n<meta property=\"article:modified_time\" content=\"2021-04-26T10:57:35+00:00\" \/>\n<meta name=\"twitter:card\" content=\"summary_large_image\" \/>\n<meta name=\"twitter:label1\" content=\"Gesch\u00e4tzte Lesezeit\">\n\t<meta name=\"twitter:data1\" content=\"6\u00a0Minuten\">\n<script type=\"application\/ld+json\" class=\"yoast-schema-graph\">{\"@context\":\"https:\/\/schema.org\",\"@graph\":[{\"@type\":\"WebSite\",\"@id\":\"https:\/\/www.tantefine.de\/blog\/#website\",\"url\":\"https:\/\/www.tantefine.de\/blog\/\",\"name\":\"Tante Fine\",\"description\":\"Blog\",\"potentialAction\":[{\"@type\":\"SearchAction\",\"target\":\"https:\/\/www.tantefine.de\/blog\/?s={search_term_string}\",\"query-input\":\"required name=search_term_string\"}],\"inLanguage\":\"de\"},{\"@type\":\"ImageObject\",\"@id\":\"https:\/\/www.tantefine.de\/blog\/magazin\/die-groesste-huerde-beim-gruenden-ist-wohl-den-richtigen-weg-fuer-sich-selbst-einzuschlagen-und-einfach-seine-eigene-geschichte-zu-erzaehlen\/#primaryimage\",\"inLanguage\":\"de\",\"url\":\"https:\/\/www.tantefine.de\/blog\/wp-content\/uploads\/2021\/01\/1.jpg\",\"width\":940,\"height\":788},{\"@type\":\"WebPage\",\"@id\":\"https:\/\/www.tantefine.de\/blog\/magazin\/die-groesste-huerde-beim-gruenden-ist-wohl-den-richtigen-weg-fuer-sich-selbst-einzuschlagen-und-einfach-seine-eigene-geschichte-zu-erzaehlen\/#webpage\",\"url\":\"https:\/\/www.tantefine.de\/blog\/magazin\/die-groesste-huerde-beim-gruenden-ist-wohl-den-richtigen-weg-fuer-sich-selbst-einzuschlagen-und-einfach-seine-eigene-geschichte-zu-erzaehlen\/\",\"name\":\"\\u201eDie gr\\u00f6\\u00dfte H\\u00fcrde beim Gr\\u00fcnden ist wohl, den richtigen Weg f\\u00fcr sich selbst einzuschlagen.\\\" - Tante Fine\",\"isPartOf\":{\"@id\":\"https:\/\/www.tantefine.de\/blog\/#website\"},\"primaryImageOfPage\":{\"@id\":\"https:\/\/www.tantefine.de\/blog\/magazin\/die-groesste-huerde-beim-gruenden-ist-wohl-den-richtigen-weg-fuer-sich-selbst-einzuschlagen-und-einfach-seine-eigene-geschichte-zu-erzaehlen\/#primaryimage\"},\"datePublished\":\"2021-01-25T06:00:00+00:00\",\"dateModified\":\"2021-04-26T10:57:35+00:00\",\"author\":{\"@id\":\"https:\/\/www.tantefine.de\/blog\/#\/schema\/person\/f72d48b39d40853e57a2b3583ccce332\"},\"breadcrumb\":{\"@id\":\"https:\/\/www.tantefine.de\/blog\/magazin\/die-groesste-huerde-beim-gruenden-ist-wohl-den-richtigen-weg-fuer-sich-selbst-einzuschlagen-und-einfach-seine-eigene-geschichte-zu-erzaehlen\/#breadcrumb\"},\"inLanguage\":\"de\",\"potentialAction\":[{\"@type\":\"ReadAction\",\"target\":[\"https:\/\/www.tantefine.de\/blog\/magazin\/die-groesste-huerde-beim-gruenden-ist-wohl-den-richtigen-weg-fuer-sich-selbst-einzuschlagen-und-einfach-seine-eigene-geschichte-zu-erzaehlen\/\"]}]},{\"@type\":\"BreadcrumbList\",\"@id\":\"https:\/\/www.tantefine.de\/blog\/magazin\/die-groesste-huerde-beim-gruenden-ist-wohl-den-richtigen-weg-fuer-sich-selbst-einzuschlagen-und-einfach-seine-eigene-geschichte-zu-erzaehlen\/#breadcrumb\",\"itemListElement\":[{\"@type\":\"ListItem\",\"position\":1,\"item\":{\"@type\":\"WebPage\",\"@id\":\"https:\/\/www.tantefine.de\/blog\/\",\"url\":\"https:\/\/www.tantefine.de\/blog\/\",\"name\":\"Startseite\"}},{\"@type\":\"ListItem\",\"position\":2,\"item\":{\"@type\":\"WebPage\",\"@id\":\"https:\/\/www.tantefine.de\/blog\/magazin\/die-groesste-huerde-beim-gruenden-ist-wohl-den-richtigen-weg-fuer-sich-selbst-einzuschlagen-und-einfach-seine-eigene-geschichte-zu-erzaehlen\/\",\"url\":\"https:\/\/www.tantefine.de\/blog\/magazin\/die-groesste-huerde-beim-gruenden-ist-wohl-den-richtigen-weg-fuer-sich-selbst-einzuschlagen-und-einfach-seine-eigene-geschichte-zu-erzaehlen\/\",\"name\":\"\\u201eDie gr\\u00f6\\u00dfte H\\u00fcrde beim Gr\\u00fcnden ist wohl, den richtigen Weg f\\u00fcr sich selbst einzuschlagen.&#8220;\"}}]},{\"@type\":\"Person\",\"@id\":\"https:\/\/www.tantefine.de\/blog\/#\/schema\/person\/f72d48b39d40853e57a2b3583ccce332\",\"name\":\"Pilar von Tante Fine\",\"image\":{\"@type\":\"ImageObject\",\"@id\":\"https:\/\/www.tantefine.de\/blog\/#personlogo\",\"inLanguage\":\"de\",\"url\":\"https:\/\/secure.gravatar.com\/avatar\/b5b3c1ee3dc3e4891638dd62ff6626df?s=96&d=mm&r=g\",\"caption\":\"Pilar von Tante Fine\"}}]}<\/script>\n<!-- \/ Yoast SEO plugin. -->","_links":{"self":[{"href":"https:\/\/www.tantefine.de\/blog\/wp-json\/wp\/v2\/posts\/1300"}],"collection":[{"href":"https:\/\/www.tantefine.de\/blog\/wp-json\/wp\/v2\/posts"}],"about":[{"href":"https:\/\/www.tantefine.de\/blog\/wp-json\/wp\/v2\/types\/post"}],"author":[{"embeddable":true,"href":"https:\/\/www.tantefine.de\/blog\/wp-json\/wp\/v2\/users\/2"}],"replies":[{"embeddable":true,"href":"https:\/\/www.tantefine.de\/blog\/wp-json\/wp\/v2\/comments?post=1300"}],"version-history":[{"count":3,"href":"https:\/\/www.tantefine.de\/blog\/wp-json\/wp\/v2\/posts\/1300\/revisions"}],"predecessor-version":[{"id":1481,"href":"https:\/\/www.tantefine.de\/blog\/wp-json\/wp\/v2\/posts\/1300\/revisions\/1481"}],"wp:attachment":[{"href":"https:\/\/www.tantefine.de\/blog\/wp-json\/wp\/v2\/media?parent=1300"}],"wp:term":[{"taxonomy":"category","embeddable":true,"href":"https:\/\/www.tantefine.de\/blog\/wp-json\/wp\/v2\/categories?post=1300"},{"taxonomy":"post_tag","embeddable":true,"href":"https:\/\/www.tantefine.de\/blog\/wp-json\/wp\/v2\/tags?post=1300"}],"curies":[{"name":"wp","href":"https:\/\/api.w.org\/{rel}","templated":true}]}}